{"id":1668,"date":"2022-09-24T16:20:25","date_gmt":"2022-09-24T16:20:25","guid":{"rendered":"https:\/\/perfectestetica.al\/?p=1668"},"modified":"2022-11-08T19:41:53","modified_gmt":"2022-11-08T18:41:53","slug":"ariana-grande-poston-nje-video-te-rralle-pa-grim-per-te-promovuar-linjen-e-saj","status":"publish","type":"post","link":"https:\/\/perfectestetica.al\/en\/ariana-grande-poston-nje-video-te-rralle-pa-grim-per-te-promovuar-linjen-e-saj\/","title":{"rendered":"Ariana Grande poston nj\u00eb video t\u00eb rrall\u00eb pa grim p\u00ebr t\u00eb promovuar linj\u00ebn e saj"},"content":{"rendered":"<p><strong>Ariana Grande nuk ka asgj\u00eb p\u00ebr t\u00eb fshehur.<\/strong><\/p>\n<p>Ylli i pop-it doli pa grim n\u00eb nj\u00eb video t\u00eb re n\u00eb Instagram t\u00eb h\u00ebn\u00ebn p\u00ebrpara se t\u00eb tregonte fuqit\u00eb e fsheh\u00ebsit t\u00eb saj t\u00eb ri REM Beauty.<\/p>\n<p><img loading=\"lazy\" decoding=\"async\" class=\"aligncenter wp-image-2428 size-full\" src=\"https:\/\/perfectestetica.al\/wp-content\/uploads\/2022\/09\/arjana1.jpg\" alt=\"\" width=\"486\" height=\"869\" srcset=\"https:\/\/perfectestetica.al\/wp-content\/uploads\/2022\/09\/arjana1.jpg 486w, https:\/\/perfectestetica.al\/wp-content\/uploads\/2022\/09\/arjana1-150x268.jpg 150w, https:\/\/perfectestetica.al\/wp-content\/uploads\/2022\/09\/arjana1-168x300.jpg 168w, https:\/\/perfectestetica.al\/wp-content\/uploads\/2022\/09\/arjana1-7x12.jpg 7w\" sizes=\"auto, (max-width: 486px) 100vw, 486px\" \/><\/p>\n<p>Ajo i mbishkroi postimet \u201cpara\u201d dhe \u201cpas\u201d, duke pir\u00eb nga nj\u00eb filxhan duke treguar fytyr\u00ebn e saj t\u00eb past\u00ebr.<\/p>\n<p>Fansat u \u00e7mend\u00ebn p\u00ebr momentin e rrall\u00eb natyral, me nj\u00eb postim n\u00eb Twitter: \u201cAriana Grande \u00ebsht\u00eb kaq e bukur edhe pa grim\u201d.<\/p>\n<div class=\"related-to-article\">\n<p>Bomba brune lansoi linj\u00ebn e saj t\u00eb grimit n\u00eb vitin 2021 me rimel, ngjyra buz\u00ebsh dhe theksues, por fsheh\u00ebsi i saj\u2013 i dal\u00eb m\u00eb 28 korrik \u2013 sh\u00ebnon p\u00ebrpjekjen e saj t\u00eb par\u00eb n\u00eb produktet e fytyr\u00ebs.<\/p>\n<p><img loading=\"lazy\" decoding=\"async\" class=\"alignnone wp-image-2431 size-full\" src=\"https:\/\/perfectestetica.al\/wp-content\/uploads\/2022\/09\/arjana2.jpg\" alt=\"\" width=\"1118\" height=\"638\" srcset=\"https:\/\/perfectestetica.al\/wp-content\/uploads\/2022\/09\/arjana2.jpg 1118w, https:\/\/perfectestetica.al\/wp-content\/uploads\/2022\/09\/arjana2-150x86.jpg 150w, https:\/\/perfectestetica.al\/wp-content\/uploads\/2022\/09\/arjana2-300x171.jpg 300w, https:\/\/perfectestetica.al\/wp-content\/uploads\/2022\/09\/arjana2-1024x584.jpg 1024w, https:\/\/perfectestetica.al\/wp-content\/uploads\/2022\/09\/arjana2-768x438.jpg 768w, https:\/\/perfectestetica.al\/wp-content\/uploads\/2022\/09\/arjana2-18x10.jpg 18w\" sizes=\"auto, (max-width: 1118px) 100vw, 1118px\" \/><\/p>\n<p>Nd\u00ebrsa fansat presin me padurim ardhjen e produktit m\u00eb t\u00eb fundit t\u00eb Grande, i cili do t\u00eb jet\u00eb i disponuesh\u00ebm p\u00ebr t\u2019u bler\u00eb n\u00eb 60 nuanca, t\u00eb gjitha lansimet e m\u00ebparshme t\u00eb REM Beauty jan\u00eb t\u00eb disponueshme p\u00ebr t\u00eb bler\u00eb n\u00eb rembeauty.com dhe n\u00eb Ulta.<\/p>\n<p><img loading=\"lazy\" decoding=\"async\" class=\"aligncenter size-full wp-image-2432\" src=\"https:\/\/perfectestetica.al\/wp-content\/uploads\/2022\/09\/arjana3.jpg\" alt=\"\" width=\"510\" height=\"808\" srcset=\"https:\/\/perfectestetica.al\/wp-content\/uploads\/2022\/09\/arjana3.jpg 510w, https:\/\/perfectestetica.al\/wp-content\/uploads\/2022\/09\/arjana3-150x238.jpg 150w, https:\/\/perfectestetica.al\/wp-content\/uploads\/2022\/09\/arjana3-189x300.jpg 189w, https:\/\/perfectestetica.al\/wp-content\/uploads\/2022\/09\/arjana3-8x12.jpg 8w\" sizes=\"auto, (max-width: 510px) 100vw, 510px\" \/><\/p>\n<\/div>","protected":false},"excerpt":{"rendered":"<p>Ariana Grande nuk ka asgj\u00eb p\u00ebr t\u00eb fshehur. Ylli i pop-it doli pa grim n\u00eb nj\u00eb video t\u00eb re n\u00eb<\/p>","protected":false},"author":1,"featured_media":2430,"comment_status":"open","ping_status":"closed","sticky":false,"template":"","format":"standard","meta":{"footnotes":""},"categories":[1],"tags":[],"class_list":["post-1668","post","type-post","status-publish","format-standard","has-post-thumbnail","hentry","category-blog"],"_links":{"self":[{"href":"https:\/\/perfectestetica.al\/en\/wp-json\/wp\/v2\/posts\/1668","targetHints":{"allow":["GET"]}}],"collection":[{"href":"https:\/\/perfectestetica.al\/en\/wp-json\/wp\/v2\/posts"}],"about":[{"href":"https:\/\/perfectestetica.al\/en\/wp-json\/wp\/v2\/types\/post"}],"author":[{"embeddable":true,"href":"https:\/\/perfectestetica.al\/en\/wp-json\/wp\/v2\/users\/1"}],"replies":[{"embeddable":true,"href":"https:\/\/perfectestetica.al\/en\/wp-json\/wp\/v2\/comments?post=1668"}],"version-history":[{"count":3,"href":"https:\/\/perfectestetica.al\/en\/wp-json\/wp\/v2\/posts\/1668\/revisions"}],"predecessor-version":[{"id":2435,"href":"https:\/\/perfectestetica.al\/en\/wp-json\/wp\/v2\/posts\/1668\/revisions\/2435"}],"wp:featuredmedia":[{"embeddable":true,"href":"https:\/\/perfectestetica.al\/en\/wp-json\/wp\/v2\/media\/2430"}],"wp:attachment":[{"href":"https:\/\/perfectestetica.al\/en\/wp-json\/wp\/v2\/media?parent=1668"}],"wp:term":[{"taxonomy":"category","embeddable":true,"href":"https:\/\/perfectestetica.al\/en\/wp-json\/wp\/v2\/categories?post=1668"},{"taxonomy":"post_tag","embeddable":true,"href":"https:\/\/perfectestetica.al\/en\/wp-json\/wp\/v2\/tags?post=1668"}],"curies":[{"name":"wp","href":"https:\/\/api.w.org\/{rel}","templated":true}]}}