{"id":1663,"date":"2022-09-24T16:19:49","date_gmt":"2022-09-24T16:19:49","guid":{"rendered":"https:\/\/perfectestetica.al\/?p=1663"},"modified":"2022-11-08T19:35:12","modified_gmt":"2022-11-08T18:35:12","slug":"themeloi-nje-linje-bukurie-millie-bobby-brown-nuk-di-asgje-per-bukurine","status":"publish","type":"post","link":"https:\/\/perfectestetica.al\/en\/themeloi-nje-linje-bukurie-millie-bobby-brown-nuk-di-asgje-per-bukurine\/","title":{"rendered":"Themeloi nj\u00eb linj\u00eb bukurie, Millie Bobby Brown: Nuk di asgj\u00eb p\u00ebr bukurin\u00eb"},"content":{"rendered":"<p><strong>Ndryshe nga konkurrent\u00ebt e famsh\u00ebm n\u00eb t\u00eb nj\u00ebjt\u00ebn fush\u00eb, Millie Bobby Brown thot\u00eb se arsyeja pse filloi linj\u00ebn e bukuris\u00eb \u00ebsht\u00eb sepse ajo nuk \u00ebsht\u00eb eksperte.<\/strong><\/p>\n<p>\u201cNuk di asgj\u00eb p\u00ebr bukurin\u00eb dhe kujdesin ndaj l\u00ebkur\u00ebs. Kjo \u00ebsht\u00eb arsyeja pse e krijova k\u00ebt\u00eb\u201d, tha aktorja p\u00ebr Allure p\u00ebr mark\u00ebn e saj \u2018Florence by Mills\u2019.<\/p>\n<p>\u201cUn\u00eb do t\u2019ju marr me vete n\u00eb k\u00ebt\u00eb udh\u00ebtim, q\u00eb t\u00eb mund t\u00eb m\u00ebsojm\u00eb m\u00eb shum\u00eb rreth botanik\u00ebve, serumeve, ekstrakteve t\u00eb frutave dhe perimeve, enzimave \u2013 gj\u00ebra q\u00eb jan\u00eb kaq t\u00eb r\u00ebnd\u00ebsishme p\u00ebr l\u00ebkur\u00ebn tuaj, por ne nuk i dim\u00eb sepse ne jemi t\u00eb rinj\u201d.<\/p>\n<p>&nbsp;<\/p>\n<p>Ylli 18-vje\u00e7ar i \u201cStranger Things\u201d, e cila kryeson numrin e shtatorit t\u00eb revist\u00ebs, tha se q\u00ebllimi i saj ishte t\u00eb b\u00ebhej e ditur p\u00ebr temat s\u00eb bashku me ata q\u00eb blejn\u00eb produktet e saj, t\u00eb cilat duket se synojn\u00eb nj\u00eb demografi m\u00eb t\u00eb re.<\/p>\n<p>\u201cGjith\u00e7ka \u00ebsht\u00eb kund\u00ebr plakjes, \u00e7do gj\u00eb \u00ebsht\u00eb kund\u00ebr fryrjes. Ne nuk e dim\u00eb se \u00e7far\u00eb do t\u00eb thot\u00eb kjo. M\u00eb duhet t\u00eb di m\u00eb shum\u00eb. Dhe e di q\u00eb brezi yn\u00eb duhet t\u00eb dij\u00eb m\u00eb shum\u00eb\u201d, pranoi ajo.<\/p>\n<p>&nbsp;<\/p>\n<p>Por ajo q\u00eb Mills i mungon n\u00eb njohuri, ajo e kompenson me ambicie. Ajo ishte rreth 14 vje\u00e7 kur doli me konceptin e krijimit t\u00eb nj\u00eb perandorie bukurie posa\u00e7\u00ebrisht nga dhe p\u00ebr gjenerat\u00ebn e re.<\/p>\n<p>\u201cIsha n\u00eb nj\u00eb udh\u00ebtim [t\u00eb gjat\u00eb] me avion dhe solla grim p\u00ebr t\u00eb m\u00eb mbajtur t\u00eb z\u00ebn\u00eb. Kuptova se gjeja kaq shum\u00eb rehati duke b\u00ebr\u00eb grim. Nuk m\u00eb p\u00eblqeu ideja p\u00ebr t\u00eb mbuluar at\u00eb q\u00eb isha, por p\u00ebr t\u00eb krijuar versione t\u00eb ndryshme p\u00ebr mua\u201d, tha ajo, duke v\u00ebn\u00eb n\u00eb dukje se n\u00eb koh\u00ebn kur zbriti, ajo \u201ckishte nj\u00eb ide t\u00eb t\u00ebr\u00eb\u201d.<\/p>\n","protected":false},"excerpt":{"rendered":"<p>Ndryshe nga konkurrent\u00ebt e famsh\u00ebm n\u00eb t\u00eb nj\u00ebjt\u00ebn fush\u00eb, Millie Bobby Brown thot\u00eb se arsyeja pse filloi linj\u00ebn e bukuris\u00eb<\/p>","protected":false},"author":1,"featured_media":2422,"comment_status":"open","ping_status":"closed","sticky":false,"template":"","format":"standard","meta":{"footnotes":""},"categories":[1],"tags":[],"class_list":["post-1663","post","type-post","status-publish","format-standard","has-post-thumbnail","hentry","category-blog"],"_links":{"self":[{"href":"https:\/\/perfectestetica.al\/en\/wp-json\/wp\/v2\/posts\/1663","targetHints":{"allow":["GET"]}}],"collection":[{"href":"https:\/\/perfectestetica.al\/en\/wp-json\/wp\/v2\/posts"}],"about":[{"href":"https:\/\/perfectestetica.al\/en\/wp-json\/wp\/v2\/types\/post"}],"author":[{"embeddable":true,"href":"https:\/\/perfectestetica.al\/en\/wp-json\/wp\/v2\/users\/1"}],"replies":[{"embeddable":true,"href":"https:\/\/perfectestetica.al\/en\/wp-json\/wp\/v2\/comments?post=1663"}],"version-history":[{"count":3,"href":"https:\/\/perfectestetica.al\/en\/wp-json\/wp\/v2\/posts\/1663\/revisions"}],"predecessor-version":[{"id":2424,"href":"https:\/\/perfectestetica.al\/en\/wp-json\/wp\/v2\/posts\/1663\/revisions\/2424"}],"wp:featuredmedia":[{"embeddable":true,"href":"https:\/\/perfectestetica.al\/en\/wp-json\/wp\/v2\/media\/2422"}],"wp:attachment":[{"href":"https:\/\/perfectestetica.al\/en\/wp-json\/wp\/v2\/media?parent=1663"}],"wp:term":[{"taxonomy":"category","embeddable":true,"href":"https:\/\/perfectestetica.al\/en\/wp-json\/wp\/v2\/categories?post=1663"},{"taxonomy":"post_tag","embeddable":true,"href":"https:\/\/perfectestetica.al\/en\/wp-json\/wp\/v2\/tags?post=1663"}],"curies":[{"name":"wp","href":"https:\/\/api.w.org\/{rel}","templated":true}]}}